{"id":1510,"date":"2026-01-08T15:11:09","date_gmt":"2026-01-08T14:11:09","guid":{"rendered":"https:\/\/geheimlab-weimar.de\/distanz3\/?p=1510"},"modified":"2026-01-22T17:06:04","modified_gmt":"2026-01-22T16:06:04","slug":"anti-hate-bubble-approach","status":"publish","type":"post","link":"https:\/\/distanz.info\/en\/2026\/01\/08\/anti-hate-bubble-approach\/","title":{"rendered":"Anti-Hate-Bubble-Approach"},"content":{"rendered":"\n<p>01.01.2020 bis 31.12.2021<\/p>\n\n\n\n<p>Das Projekt \u201eAnti-Hate-Bubble-Approach \u2013 Digitale Distanzierungsarbeit f\u00fcr einen demokratischen Dialog&#8221; hat die These: Online- und Offline-Lebenswelten lassen sich nicht mehr voneinander trennen. So findet ein erheblicher Teil der zwischenmenschlichen Kommunikation und Information mittlerweile online statt. Mehr noch gilt das Web als <em>das<\/em> Informations- und Vernetzungsmedium schlechthin. Dies hat keine unerheblichen Auswirkungen auf junge User*innen, birgt doch die unreflektierte Nutzung von z.B. Social Media-Plattformen die Gefahr der Falschinformation und Abschottung in heikle Lebenswelten und einseitige Informationskan\u00e4le. <\/p>\n\n\n\n<p>Distanz e.V. hat es sich zur Aufgabe gemacht, die Online-Lebenswelt als Zugang zu nutzen, um die digitale Distanzierungsarbeit als einen langfristigen Arbeitsschwerpunkt des Vereins zu etablieren.<\/p>\n\n\n\n<blockquote class=\"wp-block-quote is-layout-flow wp-block-quote-is-layout-flow\">\n<p>Erfahrungen aus der Distanzierungsarbeit werden auf eine Online-Situation \u00fcbertragen und als Arbeitsschwerpunkt des Vereins entwickelt.<\/p>\n<\/blockquote>\n\n\n\n<p>Das Projekt Anti-Hate-Bubble-Approach hat zum Ziel, das Abschotten von Lebenswelten in Filterblasen zu durchbrechen. F\u00fcr dieses Vorhaben werden die Erfahrungen aus der Distanzierungsarbeit auf den Online-Kontext \u00fcbertragen und Grundlagen f\u00fcr eine digitale Distanzierungsarbeit erarbeitet. Hierbei kooperieren wir mit den Expert*innen von Diskutier Mit Mir. Der Verein <a rel=\"noreferrer noopener\" href=\"https:\/\/www.diskutiermitmir.de\/#\/about-us\" target=\"_blank\" title=\"Externer Link zum Projekt Diskutier mit mir\">Diskutier Mit Mir <\/a> hat es sich zur Aufgabe gemacht, mit Hilfe von digitalen Diskussions-Tools den demokratischen Diskurs in Deutschland und Europa zu st\u00e4rken. Daran ankn\u00fcpfend entwickeln wir gemeinsam mit dem Projekt \u201eRadikalisierung im digitalen Zeitalter\u201c der Universit\u00e4t Greifswald den innovativen Anti-Hate-Bubble-Approach. Die Robert-Bosch-Stiftung f\u00f6rdert dieses Modellprojekt.<\/p>\n\n\n\n<blockquote class=\"wp-block-quote is-layout-flow wp-block-quote-is-layout-flow\">\n<p>Die Diskutier-mit-mir-App erm\u00f6glicht einen anonymen 1:1-Chat mit den Jugendlichen.<\/p>\n<\/blockquote>\n\n\n\n<p>Die bestehende App von Diskutier mit mir e.V. wird auf den p\u00e4dagogischen Kontext \u00fcbertragen und den Jugendlichen ein Gespr\u00e4ch auf Augenh\u00f6he angeboten. Das Projekt hat zum Ziel, insbesondere die Personen zu erreichen, die offline schwer zug\u00e4nglich sind. Eine anonyme Chatsituation soll hierbei eine Br\u00fccke bauen, um auch diese jungen Menschen zu erreichen. Im Fokus stehen hierbei junge Menschen, die rechtsextreme Gef\u00e4hrdungslagen aufweisen und ein hohes Bed\u00fcrfnis nach politischer Reibung haben. <\/p>\n\n\n\n<p>Der anonyme digitale Raum kann zwar enthemmte Hassreden f\u00f6rdern, und Algorithmen bergen die Gefahr, dass sich Menschen in meinungsbildenden Echokammern radikalisieren. Auch machen sich mitunter rechtsextreme Kr\u00e4fte das Internet und die Funktionsweise von Social Media-Plattformen zunutze, um gezielt Fake News zu verbreiten. Diese entfalten dahingehend gro\u00dfe Wirkung, dass sie an \u00c4ngste ankn\u00fcpfen, diese sch\u00fcren und verst\u00e4rken. Allerdings besteht unsere Grundannahme darin, dass das Netz ebenso das Potenzial hat, Ansprachem\u00f6glichkeiten zu schaffen und somit anonym-vertrauliche Reflexionsr\u00e4ume anzubieten. An dieser Stelle wollen wir ein Setting herstellen, das eine konstruktive, deeskalierende Gespr\u00e4chssituation bietet.<\/p>\n\n\n\n<blockquote class=\"wp-block-quote is-layout-flow wp-block-quote-is-layout-flow\">\n<p>Wir wollen rechtsextremen Kr\u00e4ften nicht das Netz \u00fcberlassen. Wir nutzen die die Vorteile der Netzwelt und erm\u00f6glichen produktive Gespr\u00e4che.<\/p>\n<\/blockquote>\n\n\n\n<p>Der angestrebte Zugang zu Online-Lebenswelten von rechtsextrem einstiegsgef\u00e4hrdeten oder orientierten Jugendlichen wird die Arbeit von Distanz e.V. flankieren und erg\u00e4nzen. Den im Projekt erreichten Jugendlichen werden im Anschluss von uns Distanzierungstrainings im Offline-Kontext angeboten.<\/p>\n\n\n\n<blockquote class=\"wp-block-quote is-layout-flow wp-block-quote-is-layout-flow\">\n<p>Wir beginnen online \u2013 machen aber offline weiter!<\/p>\n<\/blockquote>\n\n\n\n\n\n<p><\/p>\n","protected":false},"excerpt":{"rendered":"<p>01.01.2020 bis 31.12.2021<\/p>\n","protected":false},"author":1,"featured_media":1782,"comment_status":"open","ping_status":"open","sticky":false,"template":"","format":"standard","meta":{"give_campaign_id":0,"footnotes":""},"categories":[35],"tags":[],"class_list":["post-1510","post","type-post","status-publish","format-standard","has-post-thumbnail","hentry","category-projektarchiv"],"_links":{"self":[{"href":"https:\/\/distanz.info\/en\/wp-json\/wp\/v2\/posts\/1510","targetHints":{"allow":["GET"]}}],"collection":[{"href":"https:\/\/distanz.info\/en\/wp-json\/wp\/v2\/posts"}],"about":[{"href":"https:\/\/distanz.info\/en\/wp-json\/wp\/v2\/types\/post"}],"author":[{"embeddable":true,"href":"https:\/\/distanz.info\/en\/wp-json\/wp\/v2\/users\/1"}],"replies":[{"embeddable":true,"href":"https:\/\/distanz.info\/en\/wp-json\/wp\/v2\/comments?post=1510"}],"version-history":[{"count":7,"href":"https:\/\/distanz.info\/en\/wp-json\/wp\/v2\/posts\/1510\/revisions"}],"predecessor-version":[{"id":2373,"href":"https:\/\/distanz.info\/en\/wp-json\/wp\/v2\/posts\/1510\/revisions\/2373"}],"wp:featuredmedia":[{"embeddable":true,"href":"https:\/\/distanz.info\/en\/wp-json\/wp\/v2\/media\/1782"}],"wp:attachment":[{"href":"https:\/\/distanz.info\/en\/wp-json\/wp\/v2\/media?parent=1510"}],"wp:term":[{"taxonomy":"category","embeddable":true,"href":"https:\/\/distanz.info\/en\/wp-json\/wp\/v2\/categories?post=1510"},{"taxonomy":"post_tag","embeddable":true,"href":"https:\/\/distanz.info\/en\/wp-json\/wp\/v2\/tags?post=1510"}],"curies":[{"name":"wp","href":"https:\/\/api.w.org\/{rel}","templated":true}]}}