{"id":40,"date":"2025-06-27T15:53:27","date_gmt":"2025-06-27T13:53:27","guid":{"rendered":"https:\/\/geheimlab-weimar.de\/distanz3\/?page_id=40"},"modified":"2026-01-29T12:09:37","modified_gmt":"2026-01-29T11:09:37","slug":"perspektivtraining","status":"publish","type":"post","link":"https:\/\/distanz.info\/en\/2025\/06\/27\/perspektivtraining\/","title":{"rendered":"Perspektivtraining"},"content":{"rendered":"\n<p>Das Perspektiv-Training st\u00e4rkt den positiven Blick junger Menschen auf ihr Leben. Gemeinsam erarbeiten wir Wege aus der Gewaltspirale, reflektieren soziales Verhalten und f\u00f6rdern eine straffreie Perspektive.<\/p>\n\n\n\n<div class=\"wp-block-group langtext has-global-padding is-content-justification-left is-layout-constrained wp-container-core-group-is-layout-12dd3699 wp-block-group-is-layout-constrained\">\n<figure class=\"wp-block-image size-full aside\"><img loading=\"lazy\" decoding=\"async\" width=\"400\" height=\"400\" src=\"https:\/\/distanz.info\/wp-content\/uploads\/2025\/09\/Icon_Ziel_400-400_blue.png\" alt=\"\" class=\"wp-image-509\" srcset=\"https:\/\/distanz.info\/wp-content\/uploads\/2025\/09\/Icon_Ziel_400-400_blue.png 400w, https:\/\/distanz.info\/wp-content\/uploads\/2025\/09\/Icon_Ziel_400-400_blue-300x300.png 300w, https:\/\/distanz.info\/wp-content\/uploads\/2025\/09\/Icon_Ziel_400-400_blue-150x150.png 150w\" sizes=\"auto, (max-width: 400px) 100vw, 400px\" \/><\/figure>\n\n\n\n<h2 class=\"wp-block-heading\">Zielgruppe<\/h2>\n\n\n\n<ul class=\"wp-block-list\">\n<li>Junge Menschen im Alter von 10 bis 27 Jahre<\/li>\n\n\n\n<li>Junge Menschen jeden Geschlechts, mit und ohne Behinderung<\/li>\n\n\n\n<li>Milieu\u00fcbergreifend und herkunftsunabh\u00e4ngig<\/li>\n\n\n\n<li>Teilnehmende mit Multiproblemlagen (z.B. Suchterfahrungen, famili\u00e4re Gewalt)<\/li>\n<\/ul>\n\n\n\n<h2 class=\"wp-block-heading\">Ziele des Perspektivtrainings<\/h2>\n\n\n\n<h4 class=\"wp-block-heading\"><strong>1. Zukunftsperspektiven entwickeln<\/strong><\/h4>\n\n\n\n<p>Junge Menschen werden ermutigt, ihre Lebensperspektiven bewusst und gewaltfrei zu gestalten. Im Mittelpunkt steht die F\u00f6rderung individueller Wege, die ein selbstbestimmtes und konstruktives Leben erm\u00f6glichen. Dazu geh\u00f6rt sowohl die Unterst\u00fctzung bei der Planung einer gewaltfreien Zukunft als auch die Anregung zu einer sinnvollen Freizeitgestaltung \u2013 insbesondere im jugendkulturellen Bereich. Erg\u00e4nzt wird dies durch Orientierungshilfen, die die pers\u00f6nliche Entwicklung st\u00e4rken und dabei helfen, eigene Potenziale zu erkennen und neue Lebenswege zu er\u00f6ffnen.<\/p>\n\n\n\n<figure class=\"wp-block-image size-full aside\"><img loading=\"lazy\" decoding=\"async\" width=\"400\" height=\"400\" src=\"https:\/\/distanz.info\/wp-content\/uploads\/2025\/11\/Icon_PerspektivTraninig_400-400.png\" alt=\"\" class=\"wp-image-1170\" srcset=\"https:\/\/distanz.info\/wp-content\/uploads\/2025\/11\/Icon_PerspektivTraninig_400-400.png 400w, https:\/\/distanz.info\/wp-content\/uploads\/2025\/11\/Icon_PerspektivTraninig_400-400-300x300.png 300w, https:\/\/distanz.info\/wp-content\/uploads\/2025\/11\/Icon_PerspektivTraninig_400-400-150x150.png 150w\" sizes=\"auto, (max-width: 400px) 100vw, 400px\" \/><\/figure>\n\n\n\n<h4 class=\"wp-block-heading\"><strong>2. Selbstreflexion f\u00f6rdern<\/strong><\/h4>\n\n\n\n<p>Ziel ist es, die eigene Lebensgestaltung bewusst zu reflektieren und die Hintergr\u00fcnde des eigenen Verhaltens besser zu verstehen. Durch die intensive Auseinandersetzung mit pers\u00f6nlichen Erfahrungen und Einstellungen werden Denkprozesse angeregt, die zu einem tieferen Selbstverst\u00e4ndnis f\u00fchren. Anregende Fragen unterst\u00fctzen dabei, eingefahrene Denkmuster zu hinterfragen und neue Perspektiven zu entwickeln. So wird ein selbstbewusster und verantwortungsvoller Umgang mit der eigenen Handlungsf\u00e4higkeit gef\u00f6rdert.<\/p>\n\n\n\n<h4 class=\"wp-block-heading\"><strong>3. Konfliktf\u00e4higkeit st\u00e4rken<\/strong><\/h4>\n\n\n\n<p>Konfliktf\u00e4higkeit st\u00e4rken bedeutet, eigene Gewaltmuster zu erkennen und alternative, gewaltfreie Handlungsweisen zu entwickeln. Dabei steht die Reflexion des eigenen Verhaltens ebenso im Mittelpunkt wie das kritische Hinterfragen gewaltf\u00f6rdernder Einstellungen. Durch die Entwicklung konstruktiver Konfliktl\u00f6sungsstrategien und die gezielte F\u00f6rderung sozialer Kompetenzen werden Selbstbewusstsein und Resilienz gegen\u00fcber Gruppendruck gest\u00e4rkt. So wird eine eigenverantwortliche Lebensf\u00fchrung auch unter benachteiligenden Bedingungen erm\u00f6glicht.<\/p>\n\n\n\n<figure class=\"wp-block-image size-full aside\"><img loading=\"lazy\" decoding=\"async\" width=\"400\" height=\"400\" src=\"https:\/\/distanz.info\/wp-content\/uploads\/2025\/09\/Icon_Methode_400-400_blue.png\" alt=\"\" class=\"wp-image-508\" srcset=\"https:\/\/distanz.info\/wp-content\/uploads\/2025\/09\/Icon_Methode_400-400_blue.png 400w, https:\/\/distanz.info\/wp-content\/uploads\/2025\/09\/Icon_Methode_400-400_blue-300x300.png 300w, https:\/\/distanz.info\/wp-content\/uploads\/2025\/09\/Icon_Methode_400-400_blue-150x150.png 150w\" sizes=\"auto, (max-width: 400px) 100vw, 400px\" \/><\/figure>\n\n\n\n<h2 class=\"wp-block-heading\">Methoden<\/h2>\n\n\n\n<ul class=\"wp-block-list\">\n<li><strong>Lebensweltorientierte Ans\u00e4tze:<\/strong> Nutzung jugendkultureller Methoden zur F\u00f6rderung von Beteiligung und Niedrigschwelligkeit.<\/li>\n\n\n\n<li><strong>Konfliktf\u00e4higkeit st\u00e4rken:<\/strong> Reflexion bestehender Konfliktl\u00f6sungsstrategien und Entwicklung alternativer Verhaltensweisen.<\/li>\n\n\n\n<li><strong>Pers\u00f6nlichkeitsentwicklung:<\/strong> F\u00f6rderung von Resilienz, Selbstbewusstsein, Widerspruchs- und Frustrationstoleranz.<\/li>\n\n\n\n<li><strong>Zukunftsperspektiven:<\/strong> Konstruktive Ideen entwickeln, um Gewalt abzubauen.<\/li>\n<\/ul>\n\n\n\n<figure class=\"wp-block-image size-full is-resized aside\"><img loading=\"lazy\" decoding=\"async\" width=\"400\" height=\"400\" src=\"https:\/\/distanz.info\/wp-content\/uploads\/2026\/01\/Icon_InfoKontakt-Brief_400-400.png\" alt=\"InfoKontakt\" class=\"wp-image-1790\" style=\"width:400px;height:auto\" srcset=\"https:\/\/distanz.info\/wp-content\/uploads\/2026\/01\/Icon_InfoKontakt-Brief_400-400.png 400w, https:\/\/distanz.info\/wp-content\/uploads\/2026\/01\/Icon_InfoKontakt-Brief_400-400-300x300.png 300w, https:\/\/distanz.info\/wp-content\/uploads\/2026\/01\/Icon_InfoKontakt-Brief_400-400-150x150.png 150w\" sizes=\"auto, (max-width: 400px) 100vw, 400px\" \/><\/figure>\n\n\n\n<h5 class=\"wp-block-heading\"><strong><strong>Sie m\u00f6chten mehr \u00fcber das Perspektivtraining erfahren? Schreiben Sie uns gerne eine Mail an <a href=\"mailto:mail@distanz.info\">mail@distanz.info<\/a><\/strong><\/strong><\/h5>\n<\/div>\n\n\n\n<button class=\"readmore\">Informationen zum Perspektivtraining anzeigen<\/button>\n<button class=\"readless\">Informationen zum Perspektivtraining ausblenden<\/button>\n","protected":false},"excerpt":{"rendered":"<p>Das Perspektiv-Training st\u00e4rkt den positiven Blick junger Menschen auf ihr Leben. Gemeinsam erarbeiten wir Wege aus der Gewaltspirale, reflektieren soziales Verhalten und f\u00f6rdern eine straffreie Perspektive. Zielgruppe Ziele des Perspektivtrainings 1. Zukunftsperspektiven entwickeln Junge Menschen werden ermutigt, ihre Lebensperspektiven bewusst und gewaltfrei zu gestalten. Im Mittelpunkt steht die F\u00f6rderung individueller Wege, die ein selbstbestimmtes und [&hellip;]<\/p>\n","protected":false},"author":1,"featured_media":639,"comment_status":"closed","ping_status":"closed","sticky":false,"template":"","format":"standard","meta":{"give_campaign_id":0,"footnotes":""},"categories":[13],"tags":[],"class_list":["post-40","post","type-post","status-publish","format-standard","has-post-thumbnail","hentry","category-angebote"],"_links":{"self":[{"href":"https:\/\/distanz.info\/en\/wp-json\/wp\/v2\/posts\/40","targetHints":{"allow":["GET"]}}],"collection":[{"href":"https:\/\/distanz.info\/en\/wp-json\/wp\/v2\/posts"}],"about":[{"href":"https:\/\/distanz.info\/en\/wp-json\/wp\/v2\/types\/post"}],"author":[{"embeddable":true,"href":"https:\/\/distanz.info\/en\/wp-json\/wp\/v2\/users\/1"}],"replies":[{"embeddable":true,"href":"https:\/\/distanz.info\/en\/wp-json\/wp\/v2\/comments?post=40"}],"version-history":[{"count":36,"href":"https:\/\/distanz.info\/en\/wp-json\/wp\/v2\/posts\/40\/revisions"}],"predecessor-version":[{"id":2501,"href":"https:\/\/distanz.info\/en\/wp-json\/wp\/v2\/posts\/40\/revisions\/2501"}],"wp:featuredmedia":[{"embeddable":true,"href":"https:\/\/distanz.info\/en\/wp-json\/wp\/v2\/media\/639"}],"wp:attachment":[{"href":"https:\/\/distanz.info\/en\/wp-json\/wp\/v2\/media?parent=40"}],"wp:term":[{"taxonomy":"category","embeddable":true,"href":"https:\/\/distanz.info\/en\/wp-json\/wp\/v2\/categories?post=40"},{"taxonomy":"post_tag","embeddable":true,"href":"https:\/\/distanz.info\/en\/wp-json\/wp\/v2\/tags?post=40"}],"curies":[{"name":"wp","href":"https:\/\/api.w.org\/{rel}","templated":true}]}}